{"id":697503,"date":"2022-11-07T14:56:07","date_gmt":"2022-11-07T14:56:07","guid":{"rendered":"https:\/\/www.gsv.dk\/?p=697503"},"modified":"2022-11-07T14:57:18","modified_gmt":"2022-11-07T14:57:18","slug":"nye-regioner-i-gsv","status":"publish","type":"post","link":"https:\/\/www.gsv.dk\/en\/nye-regioner-i-gsv\/","title":{"rendered":"Nye regioner i GSV"},"content":{"rendered":"<div\n  class=\"block acf-block acf-block--hero\"\n   id=\"acf-hero-1\"  \n>\n        <div class=\"hero\">\n                                            <div class=\"hero__image\">\n    <div class=\"hero__image-overlay\" style=\"background-color: rgba(0, 0, 0, 0.29)\"><\/div>\n    \n            <picture>\n                <source srcset=\"https:\/\/gsv-imgix.imgix.net\/wordpress-prod\/Emil-Hoepner-Wittrup-regionsdirektoer.png?fit=clip&#038;fm=png&#038;h=550&#038;ixlib=php-3.3.1&#038;w=1440&#038;wpsize=wide_desktop\" media=\"(min-width: 1200px)\"><source srcset=\"https:\/\/gsv-imgix.imgix.net\/wordpress-prod\/Emil-Hoepner-Wittrup-regionsdirektoer.png?fit=clip&#038;fm=png&#038;h=550&#038;ixlib=php-3.3.1&#038;w=1200&#038;wpsize=wide_tablet_landscape\" media=\"(min-width: 900px)\"><source srcset=\"https:\/\/gsv-imgix.imgix.net\/wordpress-prod\/Emil-Hoepner-Wittrup-regionsdirektoer.png?fit=clip&#038;fm=png&#038;h=400&#038;ixlib=php-3.3.1&#038;w=900&#038;wpsize=wide_tablet_portrait\" media=\"(min-width: 600px)\"><source srcset=\"https:\/\/gsv-imgix.imgix.net\/wordpress-prod\/Emil-Hoepner-Wittrup-regionsdirektoer.png?fit=clip&#038;fm=png&#038;h=350&#038;ixlib=php-3.3.1&#038;w=600&#038;wpsize=wide_large_phone\" media=\"(min-width: 414px)\">\n                <img loading=\"lazy\" decoding=\"async\" src=\"https:\/\/gsv-imgix.imgix.net\/wordpress-prod\/Emil-Hoepner-Wittrup-regionsdirektoer.png?fit=clip&#038;fm=png&#038;h=250&#038;ixlib=php-3.3.1&#038;w=414&#038;wpsize=wide_phone\" alt=\"\" title=\"Emil H\u00f8pner Wittrup Regionsdirekt\u00f8r\" width=\"414\" height=\"250\" \/>\n            <\/picture>\n<\/div>\n\n\n    <div class=\"hero__content\">\n                    <h1 class=\"hero__title\">\n                Nye regioner i GSV\n            <\/h1>\n        \n        \n            <\/div>\n                    <\/div>\n    \n    \n      <\/div>\n<div\n  class=\"block acf-block acf-block--text-block\"\n   id=\"acf-text-block-2\"  \n>\n        <div class=\"text-block\">\n    \n    <div class=\"inner inner--small\">\n        \n                    <h2 class=\"l-title\" data-reveal=\"reveal\">GSV deler landet op i tre regioner og forfremmer ny direkt\u00f8r fra egne r\u00e6kker<\/h2>\n        \n                    <div class=\"text-block__body\" data-reveal=\"reveal\">\n                <p>Trods udfordrende \u00e5r er der gang i den danske byggebranche, og de danske byggepladser er blevet flere. Derfor udvider GSV l\u00f8bende for at kunne servicere kunder i hele Danmark. Tidligere har ledelsen af GSVs 23 lokationer p\u00e5 tv\u00e6rs af landet v\u00e6ret delt op mellem Jylland\/Fyn og Sj\u00e6lland, men nu bliver Hovedstaden et selvst\u00e6ndigt driftsomr\u00e5de.<\/p>\n<p><strong>\u00a0<\/strong>Organisations\u00e6ndringerne i GSV sker for at sikre en synlig ledelse p\u00e5 virksomhedens voksende antal lokationer. Sj\u00e6lland st\u00e5r for cirka 20 procent af GSVs samlede oms\u00e6tning og t\u00e6ller Holb\u00e6k, Kalundborg, N\u00e6stved, og R\u00f8dby med 50 fastansatte p\u00e5 kontorerne. Den tidligere Regionsdirekt\u00f8r for Sj\u00e6lland, Birger Hansen, f\u00e5r ansvaret for Hovedstaden, som blandt andet t\u00e6ller Hiller\u00f8d, K\u00f8benhavn, Hedehusene og Greve super-site. Samtidig forts\u00e6tter Henrik Rasmussen i sin nuv\u00e6rende stilling som Regionsdirekt\u00f8r for Jylland\/Fyn.<\/p>\n<p>Emil H\u00f8pner Vittrup, der kommer fra en stilling som direkt\u00f8r for strategi og forretningsudvikling i GSV, bliver sat i spidsen for at drive Sj\u00e6lland, som ogs\u00e5 indbefatter Lolland-Falster hvor GSVs tredje st\u00f8rste afdeling ligger og leverer til Femernforbindelsen, som er Danmarks st\u00f8rste byggeplads.<\/p>\n<p>\u201dJeg har arbejdet p\u00e5 de interne linjer i GSV i snart seks \u00e5r og kender hele forretningen indefra. Nu gl\u00e6der jeg mig til at f\u00e5 h\u00e5nden direkte p\u00e5 kogepladen ude i driften og v\u00e6re med til fortsat at servicere vores kunder lokalt,\u201d siger Emil H\u00f8pner Vittrup, ny Regionsdirekt\u00f8r p\u00e5 Sj\u00e6lland.<\/p>\n\n            <\/div>\n            <\/div>\n<\/div>\n\n      <\/div>","protected":false},"excerpt":{"rendered":"<p>GSV deler landet op i tre regioner og forfremmer ny direkt\u00f8r fra egne r\u00e6kker<\/p>","protected":false},"author":1368,"featured_media":697506,"comment_status":"open","ping_status":"open","sticky":false,"template":"","format":"standard","meta":{"_acf_changed":false,"footnotes":""},"categories":[1],"tags":[],"class_list":["post-697503","post","type-post","status-publish","format-standard","has-post-thumbnail","hentry","category-uncategorized-da"],"acf":[],"yoast_head":"<!-- This site is optimized with the Yoast SEO plugin v25.9 - https:\/\/yoast.com\/wordpress\/plugins\/seo\/ -->\n<title>Nye regioner i GSV | GSV<\/title>\n<meta name=\"robots\" content=\"index, follow, max-snippet:-1, max-image-preview:large, max-video-preview:-1\" \/>\n<link rel=\"canonical\" href=\"https:\/\/www.gsv.dk\/en\/nye-regioner-i-gsv\/\" \/>\n<meta property=\"og:locale\" content=\"en_GB\" \/>\n<meta property=\"og:type\" content=\"article\" \/>\n<meta property=\"og:title\" content=\"Nye regioner i GSV | GSV\" \/>\n<meta property=\"og:description\" content=\"GSV deler landet op i tre regioner og forfremmer ny direkt\u00f8r fra egne r\u00e6kker\" \/>\n<meta property=\"og:url\" content=\"https:\/\/www.gsv.dk\/en\/nye-regioner-i-gsv\/\" \/>\n<meta property=\"og:site_name\" content=\"GSV\" \/>\n<meta property=\"article:publisher\" content=\"https:\/\/www.facebook.com\/gsvmaterieludlejning\/\" \/>\n<meta property=\"article:published_time\" content=\"2022-11-07T14:56:07+00:00\" \/>\n<meta property=\"article:modified_time\" content=\"2022-11-07T14:57:18+00:00\" \/>\n<meta property=\"og:image\" content=\"https:\/\/gsv-imgix.imgix.net\/wordpress-prod\/Emil-small.png?fit=clip&fm=png&ixlib=php-3.3.0\" \/>\n\t<meta property=\"og:image:width\" content=\"500\" \/>\n\t<meta property=\"og:image:height\" content=\"300\" \/>\n\t<meta property=\"og:image:type\" content=\"image\/png\" \/>\n<meta name=\"author\" content=\"S\u00f8ren Mortensen\" \/>\n<meta name=\"twitter:card\" content=\"summary_large_image\" \/>\n<meta name=\"twitter:creator\" content=\"@GsvMateriel\" \/>\n<meta name=\"twitter:site\" content=\"@GsvMateriel\" \/>\n<meta name=\"twitter:label1\" content=\"Written by\" \/>\n\t<meta name=\"twitter:data1\" content=\"S\u00f8ren Mortensen\" \/>\n<script type=\"application\/ld+json\" class=\"yoast-schema-graph\">{\"@context\":\"https:\/\/schema.org\",\"@graph\":[{\"@type\":\"Article\",\"@id\":\"https:\/\/www.gsv.dk\/nye-regioner-i-gsv\/#article\",\"isPartOf\":{\"@id\":\"https:\/\/www.gsv.dk\/nye-regioner-i-gsv\/\"},\"author\":{\"name\":\"S\u00f8ren Mortensen\",\"@id\":\"https:\/\/www.gsv.dk\/#\/schema\/person\/88f78c80cc307f7423d6c9fb65bd3398\"},\"headline\":\"Nye regioner i GSV\",\"datePublished\":\"2022-11-07T14:56:07+00:00\",\"dateModified\":\"2022-11-07T14:57:18+00:00\",\"mainEntityOfPage\":{\"@id\":\"https:\/\/www.gsv.dk\/nye-regioner-i-gsv\/\"},\"wordCount\":4,\"commentCount\":0,\"publisher\":{\"@id\":\"https:\/\/www.gsv.dk\/#organization\"},\"image\":{\"@id\":\"https:\/\/www.gsv.dk\/nye-regioner-i-gsv\/#primaryimage\"},\"thumbnailUrl\":\"https:\/\/gsv-imgix.imgix.net\/wordpress-prod\/Emil-small.png?fit=clip&fm=png&ixlib=php-3.3.1\",\"articleSection\":[\"Uncategorized @da\"],\"inLanguage\":\"en-GB\",\"potentialAction\":[{\"@type\":\"CommentAction\",\"name\":\"Comment\",\"target\":[\"https:\/\/www.gsv.dk\/nye-regioner-i-gsv\/#respond\"]}]},{\"@type\":\"WebPage\",\"@id\":\"https:\/\/www.gsv.dk\/nye-regioner-i-gsv\/\",\"url\":\"https:\/\/www.gsv.dk\/nye-regioner-i-gsv\/\",\"name\":\"Nye regioner i GSV | GSV\",\"isPartOf\":{\"@id\":\"https:\/\/www.gsv.dk\/#website\"},\"primaryImageOfPage\":{\"@id\":\"https:\/\/www.gsv.dk\/nye-regioner-i-gsv\/#primaryimage\"},\"image\":{\"@id\":\"https:\/\/www.gsv.dk\/nye-regioner-i-gsv\/#primaryimage\"},\"thumbnailUrl\":\"https:\/\/gsv-imgix.imgix.net\/wordpress-prod\/Emil-small.png?fit=clip&fm=png&ixlib=php-3.3.1\",\"datePublished\":\"2022-11-07T14:56:07+00:00\",\"dateModified\":\"2022-11-07T14:57:18+00:00\",\"breadcrumb\":{\"@id\":\"https:\/\/www.gsv.dk\/nye-regioner-i-gsv\/#breadcrumb\"},\"inLanguage\":\"en-GB\",\"potentialAction\":[{\"@type\":\"ReadAction\",\"target\":[\"https:\/\/www.gsv.dk\/nye-regioner-i-gsv\/\"]}]},{\"@type\":\"ImageObject\",\"inLanguage\":\"en-GB\",\"@id\":\"https:\/\/www.gsv.dk\/nye-regioner-i-gsv\/#primaryimage\",\"url\":\"https:\/\/gsv-imgix.imgix.net\/wordpress-prod\/Emil-small.png?fit=clip&fm=png&ixlib=php-3.3.1\",\"contentUrl\":\"https:\/\/gsv-imgix.imgix.net\/wordpress-prod\/Emil-small.png?fit=clip&fm=png&ixlib=php-3.3.1\",\"width\":500,\"height\":300},{\"@type\":\"BreadcrumbList\",\"@id\":\"https:\/\/www.gsv.dk\/nye-regioner-i-gsv\/#breadcrumb\",\"itemListElement\":[{\"@type\":\"ListItem\",\"position\":1,\"name\":\"Home\",\"item\":\"https:\/\/www.gsv.dk\/\"},{\"@type\":\"ListItem\",\"position\":2,\"name\":\"Nye regioner i GSV\"}]},{\"@type\":\"WebSite\",\"@id\":\"https:\/\/www.gsv.dk\/#website\",\"url\":\"https:\/\/www.gsv.dk\/\",\"name\":\"GSV\",\"description\":\"GSV materieludlejning\",\"publisher\":{\"@id\":\"https:\/\/www.gsv.dk\/#organization\"},\"potentialAction\":[{\"@type\":\"SearchAction\",\"target\":{\"@type\":\"EntryPoint\",\"urlTemplate\":\"https:\/\/www.gsv.dk\/?s={search_term_string}\"},\"query-input\":{\"@type\":\"PropertyValueSpecification\",\"valueRequired\":true,\"valueName\":\"search_term_string\"}}],\"inLanguage\":\"en-GB\"},{\"@type\":\"Organization\",\"@id\":\"https:\/\/www.gsv.dk\/#organization\",\"name\":\"GSV Materieludlejning\",\"url\":\"https:\/\/www.gsv.dk\/\",\"logo\":{\"@type\":\"ImageObject\",\"inLanguage\":\"en-GB\",\"@id\":\"https:\/\/www.gsv.dk\/#\/schema\/logo\/image\/\",\"url\":\"https:\/\/www.gsv.dk\/content\/uploads\/2020\/01\/logo-300x134.png\",\"contentUrl\":\"https:\/\/www.gsv.dk\/content\/uploads\/2020\/01\/logo-300x134.png\",\"width\":300,\"height\":134,\"caption\":\"GSV Materieludlejning\"},\"image\":{\"@id\":\"https:\/\/www.gsv.dk\/#\/schema\/logo\/image\/\"},\"sameAs\":[\"https:\/\/www.facebook.com\/gsvmaterieludlejning\/\",\"https:\/\/x.com\/GsvMateriel\",\"https:\/\/www.instagram.com\/gsv_materieludlejning\/\",\"https:\/\/www.linkedin.com\/company\/gsv-materieludlejning-a-s\",\"https:\/\/www.youtube.com\/channel\/UCDWOSIoGkwn6bPG7-Kgxqkw\"]},{\"@type\":\"Person\",\"@id\":\"https:\/\/www.gsv.dk\/#\/schema\/person\/88f78c80cc307f7423d6c9fb65bd3398\",\"name\":\"S\u00f8ren Mortensen\",\"image\":{\"@type\":\"ImageObject\",\"inLanguage\":\"en-GB\",\"@id\":\"https:\/\/www.gsv.dk\/#\/schema\/person\/image\/\",\"url\":\"https:\/\/secure.gravatar.com\/avatar\/0a61074f99015ba15e975a1699b7b627?s=96&d=mm&r=g\",\"contentUrl\":\"https:\/\/secure.gravatar.com\/avatar\/0a61074f99015ba15e975a1699b7b627?s=96&d=mm&r=g\",\"caption\":\"S\u00f8ren Mortensen\"}}]}<\/script>\n<!-- \/ Yoast SEO plugin. -->","yoast_head_json":{"title":"Nye regioner i GSV | GSV","robots":{"index":"index","follow":"follow","max-snippet":"max-snippet:-1","max-image-preview":"max-image-preview:large","max-video-preview":"max-video-preview:-1"},"canonical":"https:\/\/www.gsv.dk\/en\/nye-regioner-i-gsv\/","og_locale":"en_GB","og_type":"article","og_title":"Nye regioner i GSV | GSV","og_description":"GSV deler landet op i tre regioner og forfremmer ny direkt\u00f8r fra egne r\u00e6kker","og_url":"https:\/\/www.gsv.dk\/en\/nye-regioner-i-gsv\/","og_site_name":"GSV","article_publisher":"https:\/\/www.facebook.com\/gsvmaterieludlejning\/","article_published_time":"2022-11-07T14:56:07+00:00","article_modified_time":"2022-11-07T14:57:18+00:00","og_image":[{"width":500,"height":300,"url":"https:\/\/gsv-imgix.imgix.net\/wordpress-prod\/Emil-small.png?fit=clip&fm=png&ixlib=php-3.3.0","type":"image\/png"}],"author":"S\u00f8ren Mortensen","twitter_card":"summary_large_image","twitter_creator":"@GsvMateriel","twitter_site":"@GsvMateriel","twitter_misc":{"Written by":"S\u00f8ren Mortensen"},"schema":{"@context":"https:\/\/schema.org","@graph":[{"@type":"Article","@id":"https:\/\/www.gsv.dk\/nye-regioner-i-gsv\/#article","isPartOf":{"@id":"https:\/\/www.gsv.dk\/nye-regioner-i-gsv\/"},"author":{"name":"S\u00f8ren Mortensen","@id":"https:\/\/www.gsv.dk\/#\/schema\/person\/88f78c80cc307f7423d6c9fb65bd3398"},"headline":"Nye regioner i GSV","datePublished":"2022-11-07T14:56:07+00:00","dateModified":"2022-11-07T14:57:18+00:00","mainEntityOfPage":{"@id":"https:\/\/www.gsv.dk\/nye-regioner-i-gsv\/"},"wordCount":4,"commentCount":0,"publisher":{"@id":"https:\/\/www.gsv.dk\/#organization"},"image":{"@id":"https:\/\/www.gsv.dk\/nye-regioner-i-gsv\/#primaryimage"},"thumbnailUrl":"https:\/\/gsv-imgix.imgix.net\/wordpress-prod\/Emil-small.png?fit=clip&fm=png&ixlib=php-3.3.1","articleSection":["Uncategorized @da"],"inLanguage":"en-GB","potentialAction":[{"@type":"CommentAction","name":"Comment","target":["https:\/\/www.gsv.dk\/nye-regioner-i-gsv\/#respond"]}]},{"@type":"WebPage","@id":"https:\/\/www.gsv.dk\/nye-regioner-i-gsv\/","url":"https:\/\/www.gsv.dk\/nye-regioner-i-gsv\/","name":"Nye regioner i GSV | GSV","isPartOf":{"@id":"https:\/\/www.gsv.dk\/#website"},"primaryImageOfPage":{"@id":"https:\/\/www.gsv.dk\/nye-regioner-i-gsv\/#primaryimage"},"image":{"@id":"https:\/\/www.gsv.dk\/nye-regioner-i-gsv\/#primaryimage"},"thumbnailUrl":"https:\/\/gsv-imgix.imgix.net\/wordpress-prod\/Emil-small.png?fit=clip&fm=png&ixlib=php-3.3.1","datePublished":"2022-11-07T14:56:07+00:00","dateModified":"2022-11-07T14:57:18+00:00","breadcrumb":{"@id":"https:\/\/www.gsv.dk\/nye-regioner-i-gsv\/#breadcrumb"},"inLanguage":"en-GB","potentialAction":[{"@type":"ReadAction","target":["https:\/\/www.gsv.dk\/nye-regioner-i-gsv\/"]}]},{"@type":"ImageObject","inLanguage":"en-GB","@id":"https:\/\/www.gsv.dk\/nye-regioner-i-gsv\/#primaryimage","url":"https:\/\/gsv-imgix.imgix.net\/wordpress-prod\/Emil-small.png?fit=clip&fm=png&ixlib=php-3.3.1","contentUrl":"https:\/\/gsv-imgix.imgix.net\/wordpress-prod\/Emil-small.png?fit=clip&fm=png&ixlib=php-3.3.1","width":500,"height":300},{"@type":"BreadcrumbList","@id":"https:\/\/www.gsv.dk\/nye-regioner-i-gsv\/#breadcrumb","itemListElement":[{"@type":"ListItem","position":1,"name":"Home","item":"https:\/\/www.gsv.dk\/"},{"@type":"ListItem","position":2,"name":"Nye regioner i GSV"}]},{"@type":"WebSite","@id":"https:\/\/www.gsv.dk\/#website","url":"https:\/\/www.gsv.dk\/","name":"GSV","description":"GSV materieludlejning","publisher":{"@id":"https:\/\/www.gsv.dk\/#organization"},"potentialAction":[{"@type":"SearchAction","target":{"@type":"EntryPoint","urlTemplate":"https:\/\/www.gsv.dk\/?s={search_term_string}"},"query-input":{"@type":"PropertyValueSpecification","valueRequired":true,"valueName":"search_term_string"}}],"inLanguage":"en-GB"},{"@type":"Organization","@id":"https:\/\/www.gsv.dk\/#organization","name":"GSV Materieludlejning","url":"https:\/\/www.gsv.dk\/","logo":{"@type":"ImageObject","inLanguage":"en-GB","@id":"https:\/\/www.gsv.dk\/#\/schema\/logo\/image\/","url":"https:\/\/www.gsv.dk\/content\/uploads\/2020\/01\/logo-300x134.png","contentUrl":"https:\/\/www.gsv.dk\/content\/uploads\/2020\/01\/logo-300x134.png","width":300,"height":134,"caption":"GSV Materieludlejning"},"image":{"@id":"https:\/\/www.gsv.dk\/#\/schema\/logo\/image\/"},"sameAs":["https:\/\/www.facebook.com\/gsvmaterieludlejning\/","https:\/\/x.com\/GsvMateriel","https:\/\/www.instagram.com\/gsv_materieludlejning\/","https:\/\/www.linkedin.com\/company\/gsv-materieludlejning-a-s","https:\/\/www.youtube.com\/channel\/UCDWOSIoGkwn6bPG7-Kgxqkw"]},{"@type":"Person","@id":"https:\/\/www.gsv.dk\/#\/schema\/person\/88f78c80cc307f7423d6c9fb65bd3398","name":"S\u00f8ren Mortensen","image":{"@type":"ImageObject","inLanguage":"en-GB","@id":"https:\/\/www.gsv.dk\/#\/schema\/person\/image\/","url":"https:\/\/secure.gravatar.com\/avatar\/0a61074f99015ba15e975a1699b7b627?s=96&d=mm&r=g","contentUrl":"https:\/\/secure.gravatar.com\/avatar\/0a61074f99015ba15e975a1699b7b627?s=96&d=mm&r=g","caption":"S\u00f8ren Mortensen"}}]}},"_links":{"self":[{"href":"https:\/\/www.gsv.dk\/en\/wp-json\/wp\/v2\/posts\/697503","targetHints":{"allow":["GET"]}}],"collection":[{"href":"https:\/\/www.gsv.dk\/en\/wp-json\/wp\/v2\/posts"}],"about":[{"href":"https:\/\/www.gsv.dk\/en\/wp-json\/wp\/v2\/types\/post"}],"author":[{"embeddable":true,"href":"https:\/\/www.gsv.dk\/en\/wp-json\/wp\/v2\/users\/1368"}],"replies":[{"embeddable":true,"href":"https:\/\/www.gsv.dk\/en\/wp-json\/wp\/v2\/comments?post=697503"}],"version-history":[{"count":4,"href":"https:\/\/www.gsv.dk\/en\/wp-json\/wp\/v2\/posts\/697503\/revisions"}],"predecessor-version":[{"id":697510,"href":"https:\/\/www.gsv.dk\/en\/wp-json\/wp\/v2\/posts\/697503\/revisions\/697510"}],"wp:featuredmedia":[{"embeddable":true,"href":"https:\/\/www.gsv.dk\/en\/wp-json\/wp\/v2\/media\/697506"}],"wp:attachment":[{"href":"https:\/\/www.gsv.dk\/en\/wp-json\/wp\/v2\/media?parent=697503"}],"wp:term":[{"taxonomy":"category","embeddable":true,"href":"https:\/\/www.gsv.dk\/en\/wp-json\/wp\/v2\/categories?post=697503"},{"taxonomy":"post_tag","embeddable":true,"href":"https:\/\/www.gsv.dk\/en\/wp-json\/wp\/v2\/tags?post=697503"}],"curies":[{"name":"wp","href":"https:\/\/api.w.org\/{rel}","templated":true}]}}