{"id":1741729,"date":"2024-02-06T09:22:16","date_gmt":"2024-02-06T09:22:16","guid":{"rendered":"https:\/\/www.gsv.dk\/?p=1741729"},"modified":"2024-03-07T12:30:25","modified_gmt":"2024-03-07T12:30:25","slug":"gsv-materieludlejning-kvalificeres-til-iso-14001-miljoecertificering","status":"publish","type":"post","link":"https:\/\/www.gsv.dk\/en\/gsv-materieludlejning-kvalificeres-til-iso-14001-miljoecertificering\/","title":{"rendered":"GSV Materieludlejning kvalificeres til ISO 14001 milj\u00f8certificering"},"content":{"rendered":"<div\n  class=\"block acf-block acf-block--hero\"\n   id=\"acf-hero-1\"  \n>\n        <div class=\"hero\">\n                                            <div class=\"hero__image\">\n    <div class=\"hero__image-overlay\" style=\"background-color: rgba(0, 0, 0, 0.0)\"><\/div>\n    \n            <picture>\n                <source srcset=\"https:\/\/gsv-imgix.imgix.net\/wordpress-prod\/Skaermbillede-2024-02-06-101626.png?fit=clip&#038;fm=png&#038;h=550&#038;ixlib=php-3.3.1&#038;w=1440&#038;wpsize=wide_desktop\" media=\"(min-width: 1200px)\"><source srcset=\"https:\/\/gsv-imgix.imgix.net\/wordpress-prod\/Skaermbillede-2024-02-06-101626.png?fit=clip&#038;fm=png&#038;h=550&#038;ixlib=php-3.3.1&#038;w=1200&#038;wpsize=wide_tablet_landscape\" media=\"(min-width: 900px)\"><source srcset=\"https:\/\/gsv-imgix.imgix.net\/wordpress-prod\/Skaermbillede-2024-02-06-101626.png?fit=clip&#038;fm=png&#038;h=400&#038;ixlib=php-3.3.1&#038;w=900&#038;wpsize=wide_tablet_portrait\" media=\"(min-width: 600px)\"><source srcset=\"https:\/\/gsv-imgix.imgix.net\/wordpress-prod\/Skaermbillede-2024-02-06-101626.png?fit=clip&#038;fm=png&#038;h=350&#038;ixlib=php-3.3.1&#038;w=600&#038;wpsize=wide_large_phone\" media=\"(min-width: 414px)\">\n                <img loading=\"lazy\" decoding=\"async\" src=\"https:\/\/gsv-imgix.imgix.net\/wordpress-prod\/Skaermbillede-2024-02-06-101626.png?fit=clip&#038;fm=png&#038;h=250&#038;ixlib=php-3.3.1&#038;w=414&#038;wpsize=wide_phone\" alt=\"\" title=\"Sk\u00e6rmbillede 2024 02 06 101626\" width=\"414\" height=\"250\" \/>\n            <\/picture>\n<\/div>\n\n\n                    <\/div>\n    \n    \n      <\/div>\n<div\n  class=\"block acf-block acf-block--text-block\"\n   id=\"acf-text-block-2\"  \n>\n        <div class=\"text-block\">\n    \n    <div class=\"inner inner--small\">\n        \n                    <h2 class=\"l-title\" data-reveal=\"reveal\">GSV Materieludlejning kvalificeres til ISO 14001 milj\u00f8certificering<\/h2>\n        \n                    <div class=\"text-block__body\" data-reveal=\"reveal\">\n                <p><strong><em>GSV, Danmarks st\u00f8rste udlejer af materiel og maskiner til bygge- og anl\u00e6gsbranchen, har f\u00e5et tildelt ISO 14001-certificering, den internationale standard for milj\u00f8ledelse, som et resultat af GSV\u2019s ambiti\u00f8se og vedvarende indsats for at reducere sin milj\u00f8p\u00e5virkning.<\/em><\/strong><\/p>\n<p>\u201cVi er meget glade og stolte over at v\u00e6re blevet ISO 14001-certificeret. Det beviser nemlig, at vi tager vores ansvar for milj\u00f8et alvorligt, og at vi arbejder systematisk og m\u00e5lrettet med at mindske vores p\u00e5virkning p\u00e5 milj\u00f8et. Bygge- og anl\u00e6gsbranchen er en af de brancher, der udleder mest CO2, og netop derfor er det vigtigt, at vi, som en af de store leverand\u00f8rer til branchen, bliver ved med at arbejde m\u00e5lrettet p\u00e5 at mindske vores CO2-aftryk, reducere affald i hverdagen og ikke mindst, at vi h\u00e5ndterer kemiske produkter ansvarligt i alle processer. ISO 14001-certificeringen er et vigtigt skridt i d\u00e9n retning,\u201d siger Frank Olesen, CEO for GSV.<\/p>\n<p>GSV har i de seneste \u00e5r haft et voksende fokus p\u00e5 at integrere milj\u00f8hensyn i flere aspekter af forretningen. Virksomheden har blandt andet investeret i hybrid- og eldrevne maskiner, optimeret sin logistik og sit br\u00e6ndstofforbrug. \u00a0GSV har desuden udviklet digitale l\u00f8sninger i deres forretning og til kunderne, s\u00e5 GSV b\u00e5de optimerer sin maskinpark samt giver kunder og samarbejdspartnere mulighed for at tr\u00e6kke data ud til deres CO2-regskab.<\/p>\n<p>I 2023 skrev GSV sin f\u00f8rste ESG-rapport, hvor virksomheden blandt andet fremsatte konkrete m\u00e5l for sin milj\u00f8indsats, herunder at blive ISO 14001-milj\u00f8ledelse certificeret i 2023, et m\u00e5l, GSV nu har opn\u00e5et.<\/p>\n<p>\u201cISO 14001-certificeringen giver os mange fordele. Vi f\u00e5r et bedre overblik over vores milj\u00f8forhold, og det hj\u00e6lper os med at identificere og prioritere de omr\u00e5der, hvor vi kan g\u00f8re en forskel for milj\u00f8et. Vi bliver bedre rustet til at styre og styrke vores milj\u00f8indsats med et systematisk v\u00e6rkt\u00f8j til at planl\u00e6gge, gennemf\u00f8re, evaluere og forbedre vores milj\u00f8aktiviteter. Og s\u00e5 underst\u00f8tter certificeringen, at vi fortsat f\u00f8lger lovgivningen og opfylder vores egne m\u00e5l,\u201d siger Kenny Bjerre, chef for sikkerhed, milj\u00f8 og kvalitet hos GSV.<\/p>\n<p><strong>Fokus p\u00e5 milj\u00f8, er vigtigt for vores kunder<\/strong><br \/>\nIf\u00f8lge Frank Olesen bidrager ISO 14001-certificering ikke alene med at reducere milj\u00f8p\u00e5virkningen, overholde lovgivningen og bidrage til b\u00e6redygtige resultater:<\/p>\n<p>\u201cCertificeringen styrker ogs\u00e5 vores konkurrenceevne. Milj\u00f8hensyn og den gr\u00f8nne omstilling er et omr\u00e5de, som prioriteres og i flere og flere bygge- og anl\u00e6gsprojekter er det et specifikt krav fra bygherre, at de valgte underleverand\u00f8rer skal forurene mindst muligt. Det placerer os godt i markedet og \u00f8ger vores trov\u00e6rdighed, n\u00e5r vi viser, at GSV aktivt arbejder for en positiv omstilling af bygge- og anl\u00e6gsbranchen,\u201d siger Frank Olesen, CEO i GSV<\/p>\n<p>Det er virksomheden FORCE-Certification, der udstedte ISO 14001- Milj\u00f8ledelsessystem Certifikatet den 19.01.2024<\/p>\n<p><em>ISO 14001-certificering er en international standard for milj\u00f8ledelse, som hj\u00e6lper organisationer med at reducere deres milj\u00f8p\u00e5virkning, overholde lovgivningen og opn\u00e5 b\u00e6redygtige resultater. ISO 14001-certificering kan ogs\u00e5 bidrage til at opfylde FN\u2019s verdensm\u00e5l for b\u00e6redygtig udvikl<\/em><em>ing.<\/em><\/p>\n<p>Pressekontakt: Direkt\u00f8r, ESG &amp; Kommunikation; Anne Cecilie Lysbo: Mobil: 25225000, mail: acl@gsv.dk<\/p>\n\n            <\/div>\n            <\/div>\n<\/div>\n\n      <\/div>","protected":false},"excerpt":{"rendered":"<p>Vi er stolte over at kvalificeres til ISO 14001<\/p>","protected":false},"author":1053,"featured_media":1741731,"comment_status":"open","ping_status":"open","sticky":false,"template":"","format":"standard","meta":{"_acf_changed":false,"footnotes":""},"categories":[1],"tags":[],"class_list":["post-1741729","post","type-post","status-publish","format-standard","has-post-thumbnail","hentry","category-uncategorized-da"],"acf":[],"yoast_head":"<!-- This site is optimized with the Yoast SEO plugin v25.9 - https:\/\/yoast.com\/wordpress\/plugins\/seo\/ -->\n<title>GSV Materieludlejning kvalificeres til ISO 14001 milj\u00f8certificering | GSV<\/title>\n<meta name=\"robots\" content=\"index, follow, max-snippet:-1, max-image-preview:large, max-video-preview:-1\" \/>\n<link rel=\"canonical\" href=\"https:\/\/www.gsv.dk\/en\/gsv-materieludlejning-kvalificeres-til-iso-14001-miljoecertificering\/\" \/>\n<meta property=\"og:locale\" content=\"en_GB\" \/>\n<meta property=\"og:type\" content=\"article\" \/>\n<meta property=\"og:title\" content=\"GSV Materieludlejning kvalificeres til ISO 14001 milj\u00f8certificering | GSV\" \/>\n<meta property=\"og:description\" content=\"Vi er stolte over at kvalificeres til ISO 14001\" \/>\n<meta property=\"og:url\" content=\"https:\/\/www.gsv.dk\/en\/gsv-materieludlejning-kvalificeres-til-iso-14001-miljoecertificering\/\" \/>\n<meta property=\"og:site_name\" content=\"GSV\" \/>\n<meta property=\"article:publisher\" content=\"https:\/\/www.facebook.com\/gsvmaterieludlejning\/\" \/>\n<meta property=\"article:published_time\" content=\"2024-02-06T09:22:16+00:00\" \/>\n<meta property=\"article:modified_time\" content=\"2024-03-07T12:30:25+00:00\" \/>\n<meta property=\"og:image\" content=\"https:\/\/www.gsv.dk\/content\/uploads\/wordpress-prod\/Chef-for-Sikkerhed-Miljoe-og-Kvalitet-Kenny-Bjerre-Petersen-og-GSVs-CEO-Frank-Olesen-scaled.jpg\" \/>\n\t<meta property=\"og:image:width\" content=\"2560\" \/>\n\t<meta property=\"og:image:height\" content=\"1707\" \/>\n\t<meta property=\"og:image:type\" content=\"image\/jpeg\" \/>\n<meta name=\"author\" content=\"Line Didriksen\" \/>\n<meta name=\"twitter:card\" content=\"summary_large_image\" \/>\n<meta name=\"twitter:creator\" content=\"@GsvMateriel\" \/>\n<meta name=\"twitter:site\" content=\"@GsvMateriel\" \/>\n<meta name=\"twitter:label1\" content=\"Written by\" \/>\n\t<meta name=\"twitter:data1\" content=\"Line Didriksen\" \/>\n<script type=\"application\/ld+json\" class=\"yoast-schema-graph\">{\"@context\":\"https:\/\/schema.org\",\"@graph\":[{\"@type\":\"Article\",\"@id\":\"https:\/\/www.gsv.dk\/gsv-materieludlejning-kvalificeres-til-iso-14001-miljoecertificering\/#article\",\"isPartOf\":{\"@id\":\"https:\/\/www.gsv.dk\/gsv-materieludlejning-kvalificeres-til-iso-14001-miljoecertificering\/\"},\"author\":{\"name\":\"Line Didriksen\",\"@id\":\"https:\/\/www.gsv.dk\/#\/schema\/person\/aaf28988190c4c53f37e4368d89d24af\"},\"headline\":\"GSV Materieludlejning kvalificeres til ISO 14001 milj\u00f8certificering\",\"datePublished\":\"2024-02-06T09:22:16+00:00\",\"dateModified\":\"2024-03-07T12:30:25+00:00\",\"mainEntityOfPage\":{\"@id\":\"https:\/\/www.gsv.dk\/gsv-materieludlejning-kvalificeres-til-iso-14001-miljoecertificering\/\"},\"wordCount\":7,\"commentCount\":0,\"publisher\":{\"@id\":\"https:\/\/www.gsv.dk\/#organization\"},\"image\":{\"@id\":\"https:\/\/www.gsv.dk\/gsv-materieludlejning-kvalificeres-til-iso-14001-miljoecertificering\/#primaryimage\"},\"thumbnailUrl\":\"https:\/\/www.gsv.dk\/content\/uploads\/wordpress-prod\/Chef-for-Sikkerhed-Miljoe-og-Kvalitet-Kenny-Bjerre-Petersen-og-GSVs-CEO-Frank-Olesen-scaled.jpg\",\"articleSection\":[\"Uncategorized @da\"],\"inLanguage\":\"en-GB\",\"potentialAction\":[{\"@type\":\"CommentAction\",\"name\":\"Comment\",\"target\":[\"https:\/\/www.gsv.dk\/gsv-materieludlejning-kvalificeres-til-iso-14001-miljoecertificering\/#respond\"]}]},{\"@type\":\"WebPage\",\"@id\":\"https:\/\/www.gsv.dk\/gsv-materieludlejning-kvalificeres-til-iso-14001-miljoecertificering\/\",\"url\":\"https:\/\/www.gsv.dk\/gsv-materieludlejning-kvalificeres-til-iso-14001-miljoecertificering\/\",\"name\":\"GSV Materieludlejning kvalificeres til ISO 14001 milj\u00f8certificering | GSV\",\"isPartOf\":{\"@id\":\"https:\/\/www.gsv.dk\/#website\"},\"primaryImageOfPage\":{\"@id\":\"https:\/\/www.gsv.dk\/gsv-materieludlejning-kvalificeres-til-iso-14001-miljoecertificering\/#primaryimage\"},\"image\":{\"@id\":\"https:\/\/www.gsv.dk\/gsv-materieludlejning-kvalificeres-til-iso-14001-miljoecertificering\/#primaryimage\"},\"thumbnailUrl\":\"https:\/\/www.gsv.dk\/content\/uploads\/wordpress-prod\/Chef-for-Sikkerhed-Miljoe-og-Kvalitet-Kenny-Bjerre-Petersen-og-GSVs-CEO-Frank-Olesen-scaled.jpg\",\"datePublished\":\"2024-02-06T09:22:16+00:00\",\"dateModified\":\"2024-03-07T12:30:25+00:00\",\"breadcrumb\":{\"@id\":\"https:\/\/www.gsv.dk\/gsv-materieludlejning-kvalificeres-til-iso-14001-miljoecertificering\/#breadcrumb\"},\"inLanguage\":\"en-GB\",\"potentialAction\":[{\"@type\":\"ReadAction\",\"target\":[\"https:\/\/www.gsv.dk\/gsv-materieludlejning-kvalificeres-til-iso-14001-miljoecertificering\/\"]}]},{\"@type\":\"ImageObject\",\"inLanguage\":\"en-GB\",\"@id\":\"https:\/\/www.gsv.dk\/gsv-materieludlejning-kvalificeres-til-iso-14001-miljoecertificering\/#primaryimage\",\"url\":\"https:\/\/www.gsv.dk\/content\/uploads\/wordpress-prod\/Chef-for-Sikkerhed-Miljoe-og-Kvalitet-Kenny-Bjerre-Petersen-og-GSVs-CEO-Frank-Olesen-scaled.jpg\",\"contentUrl\":\"https:\/\/www.gsv.dk\/content\/uploads\/wordpress-prod\/Chef-for-Sikkerhed-Miljoe-og-Kvalitet-Kenny-Bjerre-Petersen-og-GSVs-CEO-Frank-Olesen-scaled.jpg\",\"width\":2560,\"height\":1707},{\"@type\":\"BreadcrumbList\",\"@id\":\"https:\/\/www.gsv.dk\/gsv-materieludlejning-kvalificeres-til-iso-14001-miljoecertificering\/#breadcrumb\",\"itemListElement\":[{\"@type\":\"ListItem\",\"position\":1,\"name\":\"Home\",\"item\":\"https:\/\/www.gsv.dk\/\"},{\"@type\":\"ListItem\",\"position\":2,\"name\":\"GSV Materieludlejning kvalificeres til ISO 14001 milj\u00f8certificering\"}]},{\"@type\":\"WebSite\",\"@id\":\"https:\/\/www.gsv.dk\/#website\",\"url\":\"https:\/\/www.gsv.dk\/\",\"name\":\"GSV\",\"description\":\"GSV materieludlejning\",\"publisher\":{\"@id\":\"https:\/\/www.gsv.dk\/#organization\"},\"potentialAction\":[{\"@type\":\"SearchAction\",\"target\":{\"@type\":\"EntryPoint\",\"urlTemplate\":\"https:\/\/www.gsv.dk\/?s={search_term_string}\"},\"query-input\":{\"@type\":\"PropertyValueSpecification\",\"valueRequired\":true,\"valueName\":\"search_term_string\"}}],\"inLanguage\":\"en-GB\"},{\"@type\":\"Organization\",\"@id\":\"https:\/\/www.gsv.dk\/#organization\",\"name\":\"GSV Materieludlejning\",\"url\":\"https:\/\/www.gsv.dk\/\",\"logo\":{\"@type\":\"ImageObject\",\"inLanguage\":\"en-GB\",\"@id\":\"https:\/\/www.gsv.dk\/#\/schema\/logo\/image\/\",\"url\":\"https:\/\/www.gsv.dk\/content\/uploads\/2020\/01\/logo-300x134.png\",\"contentUrl\":\"https:\/\/www.gsv.dk\/content\/uploads\/2020\/01\/logo-300x134.png\",\"width\":300,\"height\":134,\"caption\":\"GSV Materieludlejning\"},\"image\":{\"@id\":\"https:\/\/www.gsv.dk\/#\/schema\/logo\/image\/\"},\"sameAs\":[\"https:\/\/www.facebook.com\/gsvmaterieludlejning\/\",\"https:\/\/x.com\/GsvMateriel\",\"https:\/\/www.instagram.com\/gsv_materieludlejning\/\",\"https:\/\/www.linkedin.com\/company\/gsv-materieludlejning-a-s\",\"https:\/\/www.youtube.com\/channel\/UCDWOSIoGkwn6bPG7-Kgxqkw\"]},{\"@type\":\"Person\",\"@id\":\"https:\/\/www.gsv.dk\/#\/schema\/person\/aaf28988190c4c53f37e4368d89d24af\",\"name\":\"Line Didriksen\",\"image\":{\"@type\":\"ImageObject\",\"inLanguage\":\"en-GB\",\"@id\":\"https:\/\/www.gsv.dk\/#\/schema\/person\/image\/\",\"url\":\"https:\/\/secure.gravatar.com\/avatar\/9cd75bf6bc1c3c2f3ab6f121c90c2db8?s=96&d=mm&r=g\",\"contentUrl\":\"https:\/\/secure.gravatar.com\/avatar\/9cd75bf6bc1c3c2f3ab6f121c90c2db8?s=96&d=mm&r=g\",\"caption\":\"Line Didriksen\"}}]}<\/script>\n<!-- \/ Yoast SEO plugin. -->","yoast_head_json":{"title":"GSV Materieludlejning kvalificeres til ISO 14001 milj\u00f8certificering | GSV","robots":{"index":"index","follow":"follow","max-snippet":"max-snippet:-1","max-image-preview":"max-image-preview:large","max-video-preview":"max-video-preview:-1"},"canonical":"https:\/\/www.gsv.dk\/en\/gsv-materieludlejning-kvalificeres-til-iso-14001-miljoecertificering\/","og_locale":"en_GB","og_type":"article","og_title":"GSV Materieludlejning kvalificeres til ISO 14001 milj\u00f8certificering | GSV","og_description":"Vi er stolte over at kvalificeres til ISO 14001","og_url":"https:\/\/www.gsv.dk\/en\/gsv-materieludlejning-kvalificeres-til-iso-14001-miljoecertificering\/","og_site_name":"GSV","article_publisher":"https:\/\/www.facebook.com\/gsvmaterieludlejning\/","article_published_time":"2024-02-06T09:22:16+00:00","article_modified_time":"2024-03-07T12:30:25+00:00","og_image":[{"width":2560,"height":1707,"url":"https:\/\/www.gsv.dk\/content\/uploads\/wordpress-prod\/Chef-for-Sikkerhed-Miljoe-og-Kvalitet-Kenny-Bjerre-Petersen-og-GSVs-CEO-Frank-Olesen-scaled.jpg","type":"image\/jpeg"}],"author":"Line Didriksen","twitter_card":"summary_large_image","twitter_creator":"@GsvMateriel","twitter_site":"@GsvMateriel","twitter_misc":{"Written by":"Line Didriksen"},"schema":{"@context":"https:\/\/schema.org","@graph":[{"@type":"Article","@id":"https:\/\/www.gsv.dk\/gsv-materieludlejning-kvalificeres-til-iso-14001-miljoecertificering\/#article","isPartOf":{"@id":"https:\/\/www.gsv.dk\/gsv-materieludlejning-kvalificeres-til-iso-14001-miljoecertificering\/"},"author":{"name":"Line Didriksen","@id":"https:\/\/www.gsv.dk\/#\/schema\/person\/aaf28988190c4c53f37e4368d89d24af"},"headline":"GSV Materieludlejning kvalificeres til ISO 14001 milj\u00f8certificering","datePublished":"2024-02-06T09:22:16+00:00","dateModified":"2024-03-07T12:30:25+00:00","mainEntityOfPage":{"@id":"https:\/\/www.gsv.dk\/gsv-materieludlejning-kvalificeres-til-iso-14001-miljoecertificering\/"},"wordCount":7,"commentCount":0,"publisher":{"@id":"https:\/\/www.gsv.dk\/#organization"},"image":{"@id":"https:\/\/www.gsv.dk\/gsv-materieludlejning-kvalificeres-til-iso-14001-miljoecertificering\/#primaryimage"},"thumbnailUrl":"https:\/\/www.gsv.dk\/content\/uploads\/wordpress-prod\/Chef-for-Sikkerhed-Miljoe-og-Kvalitet-Kenny-Bjerre-Petersen-og-GSVs-CEO-Frank-Olesen-scaled.jpg","articleSection":["Uncategorized @da"],"inLanguage":"en-GB","potentialAction":[{"@type":"CommentAction","name":"Comment","target":["https:\/\/www.gsv.dk\/gsv-materieludlejning-kvalificeres-til-iso-14001-miljoecertificering\/#respond"]}]},{"@type":"WebPage","@id":"https:\/\/www.gsv.dk\/gsv-materieludlejning-kvalificeres-til-iso-14001-miljoecertificering\/","url":"https:\/\/www.gsv.dk\/gsv-materieludlejning-kvalificeres-til-iso-14001-miljoecertificering\/","name":"GSV Materieludlejning kvalificeres til ISO 14001 milj\u00f8certificering | GSV","isPartOf":{"@id":"https:\/\/www.gsv.dk\/#website"},"primaryImageOfPage":{"@id":"https:\/\/www.gsv.dk\/gsv-materieludlejning-kvalificeres-til-iso-14001-miljoecertificering\/#primaryimage"},"image":{"@id":"https:\/\/www.gsv.dk\/gsv-materieludlejning-kvalificeres-til-iso-14001-miljoecertificering\/#primaryimage"},"thumbnailUrl":"https:\/\/www.gsv.dk\/content\/uploads\/wordpress-prod\/Chef-for-Sikkerhed-Miljoe-og-Kvalitet-Kenny-Bjerre-Petersen-og-GSVs-CEO-Frank-Olesen-scaled.jpg","datePublished":"2024-02-06T09:22:16+00:00","dateModified":"2024-03-07T12:30:25+00:00","breadcrumb":{"@id":"https:\/\/www.gsv.dk\/gsv-materieludlejning-kvalificeres-til-iso-14001-miljoecertificering\/#breadcrumb"},"inLanguage":"en-GB","potentialAction":[{"@type":"ReadAction","target":["https:\/\/www.gsv.dk\/gsv-materieludlejning-kvalificeres-til-iso-14001-miljoecertificering\/"]}]},{"@type":"ImageObject","inLanguage":"en-GB","@id":"https:\/\/www.gsv.dk\/gsv-materieludlejning-kvalificeres-til-iso-14001-miljoecertificering\/#primaryimage","url":"https:\/\/www.gsv.dk\/content\/uploads\/wordpress-prod\/Chef-for-Sikkerhed-Miljoe-og-Kvalitet-Kenny-Bjerre-Petersen-og-GSVs-CEO-Frank-Olesen-scaled.jpg","contentUrl":"https:\/\/www.gsv.dk\/content\/uploads\/wordpress-prod\/Chef-for-Sikkerhed-Miljoe-og-Kvalitet-Kenny-Bjerre-Petersen-og-GSVs-CEO-Frank-Olesen-scaled.jpg","width":2560,"height":1707},{"@type":"BreadcrumbList","@id":"https:\/\/www.gsv.dk\/gsv-materieludlejning-kvalificeres-til-iso-14001-miljoecertificering\/#breadcrumb","itemListElement":[{"@type":"ListItem","position":1,"name":"Home","item":"https:\/\/www.gsv.dk\/"},{"@type":"ListItem","position":2,"name":"GSV Materieludlejning kvalificeres til ISO 14001 milj\u00f8certificering"}]},{"@type":"WebSite","@id":"https:\/\/www.gsv.dk\/#website","url":"https:\/\/www.gsv.dk\/","name":"GSV","description":"GSV materieludlejning","publisher":{"@id":"https:\/\/www.gsv.dk\/#organization"},"potentialAction":[{"@type":"SearchAction","target":{"@type":"EntryPoint","urlTemplate":"https:\/\/www.gsv.dk\/?s={search_term_string}"},"query-input":{"@type":"PropertyValueSpecification","valueRequired":true,"valueName":"search_term_string"}}],"inLanguage":"en-GB"},{"@type":"Organization","@id":"https:\/\/www.gsv.dk\/#organization","name":"GSV Materieludlejning","url":"https:\/\/www.gsv.dk\/","logo":{"@type":"ImageObject","inLanguage":"en-GB","@id":"https:\/\/www.gsv.dk\/#\/schema\/logo\/image\/","url":"https:\/\/www.gsv.dk\/content\/uploads\/2020\/01\/logo-300x134.png","contentUrl":"https:\/\/www.gsv.dk\/content\/uploads\/2020\/01\/logo-300x134.png","width":300,"height":134,"caption":"GSV Materieludlejning"},"image":{"@id":"https:\/\/www.gsv.dk\/#\/schema\/logo\/image\/"},"sameAs":["https:\/\/www.facebook.com\/gsvmaterieludlejning\/","https:\/\/x.com\/GsvMateriel","https:\/\/www.instagram.com\/gsv_materieludlejning\/","https:\/\/www.linkedin.com\/company\/gsv-materieludlejning-a-s","https:\/\/www.youtube.com\/channel\/UCDWOSIoGkwn6bPG7-Kgxqkw"]},{"@type":"Person","@id":"https:\/\/www.gsv.dk\/#\/schema\/person\/aaf28988190c4c53f37e4368d89d24af","name":"Line Didriksen","image":{"@type":"ImageObject","inLanguage":"en-GB","@id":"https:\/\/www.gsv.dk\/#\/schema\/person\/image\/","url":"https:\/\/secure.gravatar.com\/avatar\/9cd75bf6bc1c3c2f3ab6f121c90c2db8?s=96&d=mm&r=g","contentUrl":"https:\/\/secure.gravatar.com\/avatar\/9cd75bf6bc1c3c2f3ab6f121c90c2db8?s=96&d=mm&r=g","caption":"Line Didriksen"}}]}},"_links":{"self":[{"href":"https:\/\/www.gsv.dk\/en\/wp-json\/wp\/v2\/posts\/1741729","targetHints":{"allow":["GET"]}}],"collection":[{"href":"https:\/\/www.gsv.dk\/en\/wp-json\/wp\/v2\/posts"}],"about":[{"href":"https:\/\/www.gsv.dk\/en\/wp-json\/wp\/v2\/types\/post"}],"author":[{"embeddable":true,"href":"https:\/\/www.gsv.dk\/en\/wp-json\/wp\/v2\/users\/1053"}],"replies":[{"embeddable":true,"href":"https:\/\/www.gsv.dk\/en\/wp-json\/wp\/v2\/comments?post=1741729"}],"version-history":[{"count":6,"href":"https:\/\/www.gsv.dk\/en\/wp-json\/wp\/v2\/posts\/1741729\/revisions"}],"predecessor-version":[{"id":1741737,"href":"https:\/\/www.gsv.dk\/en\/wp-json\/wp\/v2\/posts\/1741729\/revisions\/1741737"}],"wp:featuredmedia":[{"embeddable":true,"href":"https:\/\/www.gsv.dk\/en\/wp-json\/wp\/v2\/media\/1741731"}],"wp:attachment":[{"href":"https:\/\/www.gsv.dk\/en\/wp-json\/wp\/v2\/media?parent=1741729"}],"wp:term":[{"taxonomy":"category","embeddable":true,"href":"https:\/\/www.gsv.dk\/en\/wp-json\/wp\/v2\/categories?post=1741729"},{"taxonomy":"post_tag","embeddable":true,"href":"https:\/\/www.gsv.dk\/en\/wp-json\/wp\/v2\/tags?post=1741729"}],"curies":[{"name":"wp","href":"https:\/\/api.w.org\/{rel}","templated":true}]}}